[{"@context":"https:\/\/schema.org\/","@type":"Article","@id":"https:\/\/www.outcry.cz\/kdy-zamestnavatele-nabizi-firemni-stravovani-a-jake-vyhody-ma-napriklad-firemni-stravovani-praha\/#Article","mainEntityOfPage":"https:\/\/www.outcry.cz\/kdy-zamestnavatele-nabizi-firemni-stravovani-a-jake-vyhody-ma-napriklad-firemni-stravovani-praha\/","headline":"Kdy zam\u011bstnavatel\u00e9 nab\u00edz\u00ed firemn\u00ed stravov\u00e1n\u00ed, a jak\u00e9 v\u00fdhody m\u00e1 nap\u0159\u00edklad firemn\u00ed stravov\u00e1n\u00ed Praha?","name":"Kdy zam\u011bstnavatel\u00e9 nab\u00edz\u00ed firemn\u00ed stravov\u00e1n\u00ed, a jak\u00e9 v\u00fdhody m\u00e1 nap\u0159\u00edklad firemn\u00ed stravov\u00e1n\u00ed Praha?","description":"Jednou z povinnost\u00ed ka\u017ed\u00e9ho zam\u011bstnavatele, kter\u00fd zam\u011bstn\u00e1v\u00e1 pracovn\u00edky na pln\u00fd \u00favazek, tedy ve standardn\u00edm pl\u00e1nu 40 hodin t\u00fddn\u011b, tedy 8 hodin denn\u011b, je poskytnout jim pauzu v trv\u00e1n\u00ed minim\u00e1ln\u011b p\u016fl hodiny. Ta nesm\u00ed b\u00fdt d\u00e1na na za\u010d\u00e1tek ani na konec pracovn\u00ed doby, do kter\u00e9 se koneckonc\u016f ani nezapo\u010d\u00edt\u00e1v\u00e1. V\u011bt\u0161ina lid\u00ed ji vyu\u017e\u00edv\u00e1 p\u0159edev\u0161\u00edm k tomu, [&hellip;]","datePublished":"2021-06-10","dateModified":"2023-05-15","author":{"@type":"Person","@id":"https:\/\/www.outcry.cz\/author\/#Person","name":"","url":"https:\/\/www.outcry.cz\/author\/","identifier":1,"image":{"@type":"ImageObject","@id":"https:\/\/secure.gravatar.com\/avatar\/8497d718f60c891079802e88ae93b6c100d284127a9ef9549781b221f13b4bab?s=96&d=mm&r=g","url":"https:\/\/secure.gravatar.com\/avatar\/8497d718f60c891079802e88ae93b6c100d284127a9ef9549781b221f13b4bab?s=96&d=mm&r=g","height":96,"width":96}},"publisher":{"@type":"Organization","name":"outcry.cz","logo":{"@type":"ImageObject","@id":"\/logo.png","url":"\/logo.png","width":600,"height":60}},"image":{"@type":"ImageObject","@id":"https:\/\/www.outcry.cz\/wp-content\/uploads\/lid%C3%A9%20berouc%C3%AD%20si%20j%C3%ADdlo_Q49jKJ.jpg","url":"https:\/\/www.outcry.cz\/wp-content\/uploads\/lid%C3%A9%20berouc%C3%AD%20si%20j%C3%ADdlo_Q49jKJ.jpg","height":0,"width":0},"url":"https:\/\/www.outcry.cz\/kdy-zamestnavatele-nabizi-firemni-stravovani-a-jake-vyhody-ma-napriklad-firemni-stravovani-praha\/","about":["N\u00e1kupy"],"wordCount":421,"articleBody":"      Jednou z povinnost\u00ed ka\u017ed\u00e9ho zam\u011bstnavatele, kter\u00fd zam\u011bstn\u00e1v\u00e1 pracovn\u00edky na pln\u00fd \u00favazek, tedy ve standardn\u00edm pl\u00e1nu 40 hodin t\u00fddn\u011b, tedy 8 hodin denn\u011b, je poskytnout jim pauzu v trv\u00e1n\u00ed minim\u00e1ln\u011b p\u016fl hodiny. Ta nesm\u00ed b\u00fdt d\u00e1na na za\u010d\u00e1tek ani na konec pracovn\u00ed doby, do kter\u00e9 se koneckonc\u016f ani nezapo\u010d\u00edt\u00e1v\u00e1. V\u011bt\u0161ina lid\u00ed ji vyu\u017e\u00edv\u00e1 p\u0159edev\u0161\u00edm k tomu, aby se najedla. Proto b\u00fdv\u00e1 obvykle d\u00e1na kolem poledne, pokud to pracovn\u00ed n\u00e1pl\u0148 umo\u017e\u0148uje. Zde v\u0161ak vznik\u00e1 probl\u00e9m, jak zajistit pro sv\u00e9 zam\u011bstnance pot\u0159ebnou stravu.  V\u011bt\u0161ina firem to nech\u00e1v\u00e1 na nich. Pracovn\u00edci si tak mohou bu\u010f p\u0159in\u00e9st j\u00eddlo z domova, nebo si jej zaj\u00edt v pr\u016fb\u011bhu pauzy koupit. To v\u0161ak nen\u00ed v\u017edy mo\u017en\u00e9, zejm\u00e9na ve velk\u00fdch provozech, kter\u00e9 jsou nav\u00edc situov\u00e1ny v okrajov\u00e9 \u010d\u00e1sti m\u011bsta, kde \u017e\u00e1dn\u00e9 obchody nenajdeme. V tomto p\u0159\u00edpad\u011b nab\u00edz\u00ed zam\u011bstnavatel\u00e9 sv\u00fdm zam\u011bstnanc\u016fm firemn\u00ed stravov\u00e1n\u00ed. To znamen\u00e1, \u017ee smluvn\u011b ur\u010den\u00e1 firma tam p\u0159iveze na danou dobu j\u00eddlo. Obvykle je na v\u00fdb\u011br z n\u011bkolika mo\u017enost\u00ed, a\u010dkoliv ten mus\u00ed zam\u011bstnanci obvykle u\u010dinit t\u00fdden p\u0159edem, aby kucha\u0159i v\u011bd\u011bli, kter\u00e1 j\u00eddla a v jak\u00e9m mno\u017estv\u00ed maj\u00ed uva\u0159it. P\u0159esto je jasn\u00e9, \u017ee nap\u0159\u00edklad firemn\u00ed stravov\u00e1n\u00ed Praha m\u00e1 sv\u00e9 neoceniteln\u00e9 v\u00fdhody. I v na\u0161em hlavn\u00edm m\u011bst\u011b toti\u017e najdeme velk\u00e9 v\u00fdrobny a tov\u00e1rny, kter\u00e9 jsou z pochopiteln\u00fdch d\u016fvod\u016f situov\u00e1ny na okraji m\u011bsta. To v\u0161ak z\u00e1rove\u0148 znamen\u00e1, \u017ee zde nenajdeme prakticky \u017e\u00e1dn\u00e9 obchody \u010di restaurace, a tedy ani m\u00edsto, kde by si zam\u011bstnanci mohli koupit ob\u011bd.  Jist\u011b, mohou si jej p\u0159in\u00e9st z domova, ov\u0161em v\u011bt\u0161ina z nich preferuje tepl\u00e9 j\u00eddlo. A a\u010dkoliv kuchy\u0148ky disponuj\u00ed mikrovlnnou troubou, kde je mo\u017en\u00e9 pokrm oh\u0159\u00e1t, je jasn\u00e9, \u017ee ve velk\u00fdch tov\u00e1rn\u00e1ch s velk\u00fdm po\u010dtem zam\u011bstnanc\u016f by trvalo p\u0159\u00edli\u0161 dlouho, ne\u017e by si v\u0161ichni sv\u016fj ob\u011bd oh\u0159\u00e1li. Proto je jasn\u00e9, \u017ee v tomto p\u0159\u00edpad\u011b se jedn\u00e1 o v\u00fdhodn\u00e9 \u0159e\u0161en\u00ed, zvl\u00e1\u0161\u0165 kdy\u017e jej \u010d\u00e1ste\u010dn\u011b hrad\u00ed zam\u011bstnavatel. P\u0159eci jen, s pln\u00fdm b\u0159ichem se pracuje l\u00e9pe, ne?                                                                                                                                                                                                                                                                                                                                                                                         5\/5 - (3 votes)        "},{"@context":"https:\/\/schema.org\/","@type":"BreadcrumbList","itemListElement":[{"@type":"ListItem","position":1,"name":"Kdy zam\u011bstnavatel\u00e9 nab\u00edz\u00ed firemn\u00ed stravov\u00e1n\u00ed, a jak\u00e9 v\u00fdhody m\u00e1 nap\u0159\u00edklad firemn\u00ed stravov\u00e1n\u00ed Praha?","item":"https:\/\/www.outcry.cz\/kdy-zamestnavatele-nabizi-firemni-stravovani-a-jake-vyhody-ma-napriklad-firemni-stravovani-praha\/#breadcrumbitem"}]}]