[{"@context":"https:\/\/schema.org\/","@type":"Article","@id":"https:\/\/www.outcry.cz\/prakticky-dum\/#Article","mainEntityOfPage":"https:\/\/www.outcry.cz\/prakticky-dum\/","headline":"Praktick\u00fd d\u016fm","name":"Praktick\u00fd d\u016fm","description":"Mnoho lid\u00ed ani nev\u00ed, jestli si maj\u00ed po\u0159\u00eddit d\u016fm anebo byt, proto\u017ee je v tom opravdu velik\u00fd rozd\u00edl. J\u00e1 sama jsem si \u0159ekla, \u017ee kdybych m\u011bla pen\u00edze, opravdu mnoho pen\u011bz, \u017ee bych si po\u0159\u00eddili n\u011bjak\u00fd d\u016fm ve m\u011bst\u011b, proto\u017ee nem\u00e1m \u0159idi\u010dsk\u00e9 opr\u00e1vn\u011bn\u00ed, a to znamen\u00e1, \u017ee nemohu \u0159\u00eddit automobil a tak\u00e9 to znamen\u00e1, \u017ee kdybych [&hellip;]","datePublished":"2024-01-31","dateModified":"2024-01-31","author":{"@type":"Person","@id":"https:\/\/www.outcry.cz\/author\/#Person","name":"","url":"https:\/\/www.outcry.cz\/author\/","identifier":1,"image":{"@type":"ImageObject","@id":"https:\/\/secure.gravatar.com\/avatar\/8497d718f60c891079802e88ae93b6c100d284127a9ef9549781b221f13b4bab?s=96&d=mm&r=g","url":"https:\/\/secure.gravatar.com\/avatar\/8497d718f60c891079802e88ae93b6c100d284127a9ef9549781b221f13b4bab?s=96&d=mm&r=g","height":96,"width":96}},"publisher":{"@type":"Organization","name":"outcry.cz","logo":{"@type":"ImageObject","@id":"\/logo.png","url":"\/logo.png","width":600,"height":60}},"image":{"@type":"ImageObject","@id":"https:\/\/www.outcry.cz\/wp-content\/uploads\/house-4028391_960_720.jpg","url":"https:\/\/www.outcry.cz\/wp-content\/uploads\/house-4028391_960_720.jpg","height":0,"width":0},"url":"https:\/\/www.outcry.cz\/prakticky-dum\/","about":["D\u016fm a byt"],"wordCount":412,"articleBody":"Mnoho lid\u00ed ani nev\u00ed, jestli si maj\u00ed po\u0159\u00eddit d\u016fm anebo byt, proto\u017ee je v tom opravdu velik\u00fd rozd\u00edl. J\u00e1 sama jsem si \u0159ekla, \u017ee kdybych m\u011bla pen\u00edze, opravdu mnoho pen\u011bz, \u017ee bych si po\u0159\u00eddili n\u011bjak\u00fd d\u016fm ve m\u011bst\u011b, proto\u017ee nem\u00e1m \u0159idi\u010dsk\u00e9 opr\u00e1vn\u011bn\u00ed, a to znamen\u00e1, \u017ee nemohu \u0159\u00eddit automobil a tak\u00e9 to znamen\u00e1, \u017ee kdybych byla t\u0159eba n\u011bkde na vesnici a nem\u011bla auto, \u017ee bych se musela spol\u00e9hat na autobus nebo na vlak a tohle by m\u011b v\u016fbec nebavilo. Tak\u017ee kdybych si mohla vybrat, jestli budu bydlet v byt\u011b nebo v dom\u011b, tak bych si rozhodn\u011b vybrala d\u016fm. Ale zase, kdybych m\u011bla n\u011bjak\u00fd mal\u00fd byt, tak by to bylo velice nepraktick\u00e9. My s partnerem pl\u00e1nujeme opravdu velikou rodinu. \u0158ekla jsem si, \u017ee kdybych m\u011bla s partnerem opravdu velikou rodinu, \u017ee bychom pot\u0159ebovali tak\u00e9 bu\u010f velik\u00fd d\u016fm anebo velik\u00fd byt, ale mysl\u00edm si, \u017ee velik\u00fd d\u016fm by byl opravdu v\u00edce praktick\u00fd, proto\u017ee by tam tak\u00e9 byla zahrada. A co chcete potom d\u011blat s d\u011btmi, kdy\u017e je venku opravdu kr\u00e1sn\u011b, kdy\u017e m\u00e1te t\u0159eba v\u00edce d\u011bt\u00ed? Nejlep\u0161\u00ed je, kdy\u017e\u00a0potom d\u011bti vypust\u00edte na zahradu. A nav\u00edc, kdy\u017e je\u0161t\u011b chcete psa, tak si mysl\u00edm, \u017ee je v\u011bt\u0161\u00ed priorita bude, kdy\u017e bude velik\u00fd d\u016fm a v\u011bt\u0161\u00ed zahrada, tam vlastn\u011b m\u016f\u017eete d\u011blat t\u00e9m\u011b\u0159 cokoliv. Na zahrad\u011b m\u016f\u017eete grilovat, op\u00e9kat.Hr\u00e1t si anebo d\u011blat r\u016fzn\u00e9 p\u00e1rty a nebo rodinn\u00e9 oslavy. A tohle byl v\u017edycky m\u016fj sen, my s rodinou, je\u0161t\u011b kdy\u017e jsem bydlela s rodi\u010di, tak ti tak\u00e9 m\u011bli opravdu velik\u00fd d\u016fm a m\u011bli velikou zahradu a v\u017edycky jsme tam d\u011blali r\u016fzn\u00e9 p\u00e1rty a oslavy m\u011b tohle moc bavilo, a proto jsem si \u0159ekla, \u017ee je nejlep\u0161\u00ed, kdy\u017e si \u010dlov\u011bk vlastn\u011b uv\u011bdom\u00ed, \u017ee nejlep\u0161\u00ed do budoucna bude v\u017edycky opravdu m\u00edt velik\u00fd d\u016fm, m\u016f\u017eete tam m\u00edt tak\u00e9 potom zahradn\u00ed n\u00e1bytek a tohle se ka\u017ed\u00e9mu ur\u010dit\u011b bude l\u00edbit. M\u011b by se osobn\u011b tak\u00e9 tohle l\u00edbilo, ale moje sestra m\u00e1 mal\u00fd byt. Ona nem\u00e1 tolik pen\u011bz a v\u016fbec nedostala hypot\u00e9ku, co\u017e mi potom opravdu velice mrzelo.\u00a0                                                                                                                                                                                                                                                                                                                                                                                        4.4\/5 - (10 votes)        "},{"@context":"https:\/\/schema.org\/","@type":"BreadcrumbList","itemListElement":[{"@type":"ListItem","position":1,"name":"Praktick\u00fd d\u016fm","item":"https:\/\/www.outcry.cz\/prakticky-dum\/#breadcrumbitem"}]}]